{"id":742,"date":"2017-08-24T23:05:14","date_gmt":"2017-08-24T21:05:14","guid":{"rendered":"http:\/\/amappaimblotine.unblog.fr\/?p=742"},"modified":"2020-06-14T14:42:24","modified_gmt":"2020-06-14T12:42:24","slug":"ptit-coup-de-pouce","status":"publish","type":"post","link":"https:\/\/amappaimblotine.org\/index.php\/2017\/08\/24\/ptit-coup-de-pouce\/","title":{"rendered":"P&rsquo;tit coup de pouce !"},"content":{"rendered":"<div>Pauline, amapienne et r\u00e9f\u00e9rente Tisanes lance une nouvelle activit\u00e9 professionnelle\u00a0d&rsquo;animatrice nature ind\u00e9pendante :\u00a0\u00ab\u00a0Marmaille et Pissenlit\u00a0\u00bb<\/div>\n<div><strong> Marmaille et Pissenlit c&rsquo;est quoi ?<\/strong><br \/>\nC&rsquo;est une structure qui propose sur le pays de Retz des balades nature, des ateliers th\u00e9matiques (jardin notamment) et des stages buissonniers pour les enfants. Sera d\u00e9velopp\u00e9 ensuite des mini-camp enfant et des bivouacs adultes. L&rsquo;objectif est de se reconnecter \u00e0 la nature en vivant et partageant une exp\u00e9rience \u00e0 son contact. <strong><strong>Pr\u00eats \u00e0 tenter l&rsquo;aventure ? Alors voici le programme pour\u00a0<\/strong><\/strong><strong><em>septembre et octobre <\/em><\/strong>:<\/p>\n<div><\/div>\n<div>&#8211; <strong>4 balades nature<\/strong> : nocturne, plantes sauvages comestibles*, voyage artistique, et apr\u00e8s-midi sensoriel,<\/div>\n<div>&#8211; <strong>5 ateliers au jardin<\/strong>* : 2 ateliers enfants et 3 pour adultes (reproduction de graines, compost et vannerie),<\/div>\n<div>&#8211; et <strong>un stage buissonnier<\/strong>* la 1\u00e8re semaine de vacances de la Toussaint pour les 6-12 ans.<\/div>\n<div><\/div>\n<div><img loading=\"lazy\" decoding=\"async\" class=\"alignnone wp-image-743 size-medium\" src=\"https:\/\/amappaimblotine.org\/wp-content\/uploads\/2017\/08\/programme-sept-oct-metp-1-copie-211x300.jpg\" alt=\"\" width=\"211\" height=\"300\" srcset=\"https:\/\/amappaimblotine.org\/wp-content\/uploads\/2017\/08\/programme-sept-oct-metp-1-copie-211x300.jpg 211w, https:\/\/amappaimblotine.org\/wp-content\/uploads\/2017\/08\/programme-sept-oct-metp-1-copie-768x1090.jpg 768w, https:\/\/amappaimblotine.org\/wp-content\/uploads\/2017\/08\/programme-sept-oct-metp-1-copie-722x1024.jpg 722w, https:\/\/amappaimblotine.org\/wp-content\/uploads\/2017\/08\/programme-sept-oct-metp-1-copie.jpg 874w\" sizes=\"auto, (max-width: 211px) 100vw, 211px\" \/><br \/>\n<em> * ces activit\u00e9s se d\u00e9roule \u00e0 la ferme \u00ab\u00a0le sens des simples\u00a0\u00bb \u00e0 Pornic, o\u00f9 Mathilde nous ouvre son champ et plus encore&#8230; De beaux moments de partage en perspective !<\/em><\/div>\n<div><\/div>\n<div>Le tout toujours \u00e0 prix libre, sur inscription et en petits groupes. N&rsquo;h\u00e9sitez pas \u00e0 partager autour de vous<\/div>\n<p>Pauline Lorent<br \/>\nAnimatrice nature de Marmaille et Pissenlit<\/p>\n<p><a href=\"mailto:marmaille-et-pissenlit@retzien.fr\">marmaille-et-pissenlit@retzien.fr<\/a><br \/>\n06 65 53 86 92<\/p>\n<\/div>\n","protected":false},"excerpt":{"rendered":"<p>Pauline, amapienne et r\u00e9f\u00e9rente Tisanes lance une nouvelle activit\u00e9 professionnelle\u00a0d&rsquo;animatrice nature ind\u00e9pendante :\u00a0\u00ab\u00a0Marmaille et Pissenlit\u00a0\u00bb Marmaille et Pissenlit c&rsquo;est quoi ? C&rsquo;est une structure qui propose sur le pays de Retz des balades nature, des ateliers th\u00e9matiques (jardin notamment) et des stages buissonniers pour les enfants. Sera d\u00e9velopp\u00e9 ensuite des mini-camp enfant et des bivouacs &hellip; <\/p>\n<p class=\"link-more\"><a href=\"https:\/\/amappaimblotine.org\/index.php\/2017\/08\/24\/ptit-coup-de-pouce\/\" class=\"more-link\">Continuer la lecture<span class=\"screen-reader-text\"> de &laquo;&nbsp;P&rsquo;tit coup de pouce !&nbsp;&raquo;<\/span><\/a><\/p>\n","protected":false},"author":2,"featured_media":0,"comment_status":"open","ping_status":"closed","sticky":false,"template":"","format":"standard","meta":{"footnotes":""},"categories":[2],"tags":[],"class_list":["post-742","post","type-post","status-publish","format-standard","hentry","category-actualites"],"_links":{"self":[{"href":"https:\/\/amappaimblotine.org\/index.php\/wp-json\/wp\/v2\/posts\/742","targetHints":{"allow":["GET"]}}],"collection":[{"href":"https:\/\/amappaimblotine.org\/index.php\/wp-json\/wp\/v2\/posts"}],"about":[{"href":"https:\/\/amappaimblotine.org\/index.php\/wp-json\/wp\/v2\/types\/post"}],"author":[{"embeddable":true,"href":"https:\/\/amappaimblotine.org\/index.php\/wp-json\/wp\/v2\/users\/2"}],"replies":[{"embeddable":true,"href":"https:\/\/amappaimblotine.org\/index.php\/wp-json\/wp\/v2\/comments?post=742"}],"version-history":[{"count":1,"href":"https:\/\/amappaimblotine.org\/index.php\/wp-json\/wp\/v2\/posts\/742\/revisions"}],"predecessor-version":[{"id":1457,"href":"https:\/\/amappaimblotine.org\/index.php\/wp-json\/wp\/v2\/posts\/742\/revisions\/1457"}],"wp:attachment":[{"href":"https:\/\/amappaimblotine.org\/index.php\/wp-json\/wp\/v2\/media?parent=742"}],"wp:term":[{"taxonomy":"category","embeddable":true,"href":"https:\/\/amappaimblotine.org\/index.php\/wp-json\/wp\/v2\/categories?post=742"},{"taxonomy":"post_tag","embeddable":true,"href":"https:\/\/amappaimblotine.org\/index.php\/wp-json\/wp\/v2\/tags?post=742"}],"curies":[{"name":"wp","href":"https:\/\/api.w.org\/{rel}","templated":true}]}}