{"id":739,"date":"2017-07-14T00:28:07","date_gmt":"2017-07-13T22:28:07","guid":{"rendered":"http:\/\/amappaimblotine.unblog.fr\/?p=739"},"modified":"2020-06-14T14:41:33","modified_gmt":"2020-06-14T12:41:33","slug":"autrement-avec-des-legumes","status":"publish","type":"post","link":"https:\/\/amappaimblotine.org\/index.php\/2017\/07\/14\/autrement-avec-des-legumes\/","title":{"rendered":"AUTREMENT (AVEC DES L\u00c9GUMES)"},"content":{"rendered":"<div lang=\"x-unicode\">\n<p><img loading=\"lazy\" decoding=\"async\" class=\"alignnone wp-image-740 size-medium\" src=\"https:\/\/amappaimblotine.org\/wp-content\/uploads\/2017\/07\/inbox-180559-300x124.jpg\" alt=\"\" width=\"300\" height=\"124\" srcset=\"https:\/\/amappaimblotine.org\/wp-content\/uploads\/2017\/07\/inbox-180559-300x124.jpg 300w, https:\/\/amappaimblotine.org\/wp-content\/uploads\/2017\/07\/inbox-180559-768x319.jpg 768w, https:\/\/amappaimblotine.org\/wp-content\/uploads\/2017\/07\/inbox-180559-1024x425.jpg 1024w\" sizes=\"auto, (max-width: 300px) 100vw, 300px\" \/><\/p>\n<p>Avez-vous d\u00e9j\u00e0 entendu parler du film documentaire <span style=\"color: #cc9933;\"><b>AUTREMENT (AVEC DES L\u00c9GUMES)<\/b> <\/span>d&rsquo;Anne Closset ?<\/p>\n<div>\n<div>Dans la mouvance de <b><i>Demain<\/i><\/b> et <b><i>En Qu\u00eate de Sens<\/i><\/b>, <b><i>Autrement<\/i><\/b> montre qu&rsquo;existent d\u00e9j\u00e0 aujourd&rsquo;hui des <b>solutions concr\u00e8tes pour transformer nos soci\u00e9t\u00e9s vers des mod\u00e8les plus durables et plus justes.<\/b><\/p>\n<p><b>A travers le mouvement des C.S.A. (les AMAP en France, GASAP en Belgique, ZMAG en Croatie, Teikei en Chine<\/b>\u2026),\u00a0 partout en Europe et dans le monde des r\u00e9seaux de citoyens tissent de nouveaux liens entre \u00ab\u00a0consommateurs\u00a0\u00bb et agriculteurs.<br \/>\nEn remettant l&rsquo;humain au centre de leurs \u00e9changes, en s&rsquo;engageant ensemble \u00e0 faire \u00e9voluer leurs pratiques, ils inventent <b>une autre fa\u00e7on de produire et de se nourrir,<\/b> \u00e9conomiquement et \u00e9cologiquement durables, socialement \u00e9quitable.<br \/>\n<b>Une autre fa\u00e7on de vivre ensemble !<\/b><\/p>\n<p>Vous voulez susciter un d\u00e9bat sur le sens de leur engagement parmi les adh\u00e9rents de votre AMAP ou recruter de nouveaux membres ?<br \/>\nSensibiliser le grand public aux grands enjeux agricoles et alimentaires d&rsquo;aujourd&rsquo;hui et de demain ?<br \/>\nOu tout simplement montrer un bel exemple d&rsquo;initiative citoyenne pour un avenir meilleur ?<\/p>\n<p><b>Vous pouvez organiser une PROJECTION-D\u00c9BAT \u00e0 l&rsquo;occasion de la F\u00caTE DES POSSIBLES DU 18 AU 30 SEPTEMBRE et l&rsquo;inscrire sur la carte des 2000 \u00e9v\u00e8nements attendus \u00e0 cette occasion !<br \/>\nLa F\u00eate des Possibles est propos\u00e9e par 70 organisations \u0153uvrant pour une transition soci\u00e9tale citoyenne: La Nef, Enercoop, Artisans du Monde, Alternatiba, Terre de Liens, le mouvement inter-r\u00e9gional des AMAP\u2026<br \/>\n<\/b><b>POUR EN SAVOIR PLUS SUR LA F\u00caTE DES POSSIBLES<\/b>: <a href=\"http:\/\/fete-des-possibles.org\">http:\/\/fete-des-possibles.org<\/a><br \/>\n<strong><br \/>\nPOUR EN SAVOIR PLUS SUR LE FILM <i>AUTREMENT (AVEC DES L<\/i><i>\u00c9GUMES)<\/i>, VOIR LA BANDE-ANNONCE : <a href=\"http:\/\/www.athanor-production.be\/content\/autrement-avec-des-l%C3%A9gumes\/14-0\">http:\/\/www.athanor-production.be\/content\/autrement-avec-des-l%C3%A9gumes\/14-0<\/a><br \/>\n<\/strong><strong>POUR ORGANISER UNE PROJECTION : <a href=\"http:\/\/www.athanor-production.be\/content\/organiser-une-projection-de-autrement\/14\">http:\/\/www.athanor-production.be\/content\/organiser-une-projection-de-autrement\/14<\/a><br \/>\n<\/strong><\/p>\n<p>Pour toute question ou pr\u00e9cision<strong>, <\/strong>pour un lien de visionnage, n&rsquo;h\u00e9sitez pas \u00e0 me contacter !<\/p>\n<p>Amapicalement,<\/p>\n<p>Olivier Lavielle<br \/>\nMembre de l&rsquo;AMAP La Pradieuse (Paris)<br \/>\n06.49.98.78.12<\/p>\n<\/div>\n<\/div>\n<\/div>\n","protected":false},"excerpt":{"rendered":"<p>Avez-vous d\u00e9j\u00e0 entendu parler du film documentaire AUTREMENT (AVEC DES L\u00c9GUMES) d&rsquo;Anne Closset ? Dans la mouvance de Demain et En Qu\u00eate de Sens, Autrement montre qu&rsquo;existent d\u00e9j\u00e0 aujourd&rsquo;hui des solutions concr\u00e8tes pour transformer nos soci\u00e9t\u00e9s vers des mod\u00e8les plus durables et plus justes. A travers le mouvement des C.S.A. (les AMAP en France, GASAP &hellip; <\/p>\n<p class=\"link-more\"><a href=\"https:\/\/amappaimblotine.org\/index.php\/2017\/07\/14\/autrement-avec-des-legumes\/\" class=\"more-link\">Continuer la lecture<span class=\"screen-reader-text\"> de &laquo;&nbsp;AUTREMENT (AVEC DES L\u00c9GUMES)&nbsp;&raquo;<\/span><\/a><\/p>\n","protected":false},"author":2,"featured_media":0,"comment_status":"open","ping_status":"closed","sticky":false,"template":"","format":"standard","meta":{"footnotes":""},"categories":[2],"tags":[],"class_list":["post-739","post","type-post","status-publish","format-standard","hentry","category-actualites"],"_links":{"self":[{"href":"https:\/\/amappaimblotine.org\/index.php\/wp-json\/wp\/v2\/posts\/739","targetHints":{"allow":["GET"]}}],"collection":[{"href":"https:\/\/amappaimblotine.org\/index.php\/wp-json\/wp\/v2\/posts"}],"about":[{"href":"https:\/\/amappaimblotine.org\/index.php\/wp-json\/wp\/v2\/types\/post"}],"author":[{"embeddable":true,"href":"https:\/\/amappaimblotine.org\/index.php\/wp-json\/wp\/v2\/users\/2"}],"replies":[{"embeddable":true,"href":"https:\/\/amappaimblotine.org\/index.php\/wp-json\/wp\/v2\/comments?post=739"}],"version-history":[{"count":1,"href":"https:\/\/amappaimblotine.org\/index.php\/wp-json\/wp\/v2\/posts\/739\/revisions"}],"predecessor-version":[{"id":1456,"href":"https:\/\/amappaimblotine.org\/index.php\/wp-json\/wp\/v2\/posts\/739\/revisions\/1456"}],"wp:attachment":[{"href":"https:\/\/amappaimblotine.org\/index.php\/wp-json\/wp\/v2\/media?parent=739"}],"wp:term":[{"taxonomy":"category","embeddable":true,"href":"https:\/\/amappaimblotine.org\/index.php\/wp-json\/wp\/v2\/categories?post=739"},{"taxonomy":"post_tag","embeddable":true,"href":"https:\/\/amappaimblotine.org\/index.php\/wp-json\/wp\/v2\/tags?post=739"}],"curies":[{"name":"wp","href":"https:\/\/api.w.org\/{rel}","templated":true}]}}