{"id":724,"date":"2017-06-23T16:29:20","date_gmt":"2017-06-23T14:29:20","guid":{"rendered":"http:\/\/amappaimblotine.unblog.fr\/?p=724"},"modified":"2020-06-14T14:39:35","modified_gmt":"2020-06-14T12:39:35","slug":"distribution-speciale-le-06-juillet","status":"publish","type":"post","link":"https:\/\/amappaimblotine.org\/index.php\/2017\/06\/23\/distribution-speciale-le-06-juillet\/","title":{"rendered":"Distribution sp\u00e9ciale le 06 Juillet !"},"content":{"rendered":"<p><span style=\"font-family: Arial;\">Merci \u00e0 tous de bien vouloir noter dans vos agendas que la distribution du 06 juillet 2017 <\/span><span style=\"font-family: Arial;\">aura lieu\u00a0chez St\u00e9phanie GAUTHIER notre productrice de l\u00e9gumes\u00a0<\/span><\/p>\n<p><span style=\"font-family: Arial;\">\u00e0 la Courandi\u00e8re &#8211; Saint Viaud<\/span><\/p>\n<p><span style=\"font-family: Arial;\">de 18h00 \u00e0 19h00<\/span><\/p>\n<p><img loading=\"lazy\" decoding=\"async\" class=\"alignnone size-full wp-image-1452\" src=\"https:\/\/amappaimblotine.org\/wp-content\/uploads\/2017\/06\/web_picnic_amap_stef-sept_2014_005-300x200-1.jpg\" alt=\"\" width=\"300\" height=\"200\" \/><\/p>\n<p>\u00c0 l&rsquo;issue de la distribution, se tiendra une Assembl\u00e9e G\u00e9n\u00e9rale Extraordinaire :<\/p>\n<div align=\"center\"><span style=\"font-size: small;\"><b><span style=\"font-family: Arial;\">CONVOCATION<\/span><\/b><b><br \/>\n<\/b><b><span style=\"font-family: Arial;\">Jeudi 06 JUILLET 2017 &#8211; 19H00<\/span><\/b><b><br \/>\n<\/b><b><br \/>\n<\/b><b><span style=\"font-family: Arial;\">Assembl\u00e9e G\u00e9n\u00e9rale Extraordinaire<\/span><\/b><b><br \/>\n<\/b><b><span style=\"font-family: Arial;\">\u00e0<\/span><\/b><b><span style=\"font-family: Arial;\">\u00a0La Courandi\u00e8re &#8211; 44320 SAINT VIAUD<\/span><\/b><b><br \/>\n<\/b><b><br \/>\n<\/b><b><span style=\"font-family: Arial;\">Ordre du jour:<br \/>\n<\/span><\/b><b><span style=\"font-family: Arial;\">&#8211; modification des statuts<br \/>\n<\/span><\/b><\/span><br \/>\n<span style=\"font-size: small;\"><span style=\"font-size: small;\"><b><span style=\"font-family: Arial;\">Merci de donner pouvoir en cas d&rsquo;absence.<\/span><\/b><\/span><\/span><\/div>\n<div align=\"center\">\n<div align=\"left\"><\/div>\n<div align=\"left\"><span style=\"font-family: Arial;\">Nous sommes ensuite tous convi\u00e9s \u00e0 faire un petit tour du propri\u00e9taire apr\u00e8s l&rsquo;Assembl\u00e9e G\u00e9n\u00e9rale. Pensez \u00e0 pr\u00e9voir l&rsquo;anti moustique !<\/span><\/div>\n<div align=\"left\"><span style=\"font-family: Arial;\"><br \/>\n<\/span><img loading=\"lazy\" decoding=\"async\" class=\"alignnone wp-image-266 size-medium\" src=\"https:\/\/amappaimblotine.org\/wp-content\/uploads\/2014\/09\/web_picnic_amap_stef-sept_2014_034-300x200.jpg\" alt=\"\" width=\"300\" height=\"200\" srcset=\"https:\/\/amappaimblotine.org\/wp-content\/uploads\/2014\/09\/web_picnic_amap_stef-sept_2014_034-300x200.jpg 300w, https:\/\/amappaimblotine.org\/wp-content\/uploads\/2014\/09\/web_picnic_amap_stef-sept_2014_034-768x512.jpg 768w, https:\/\/amappaimblotine.org\/wp-content\/uploads\/2014\/09\/web_picnic_amap_stef-sept_2014_034.jpg 1000w\" sizes=\"auto, (max-width: 300px) 100vw, 300px\" \/><\/div>\n<\/div>\n","protected":false},"excerpt":{"rendered":"<p>Merci \u00e0 tous de bien vouloir noter dans vos agendas que la distribution du 06 juillet 2017 aura lieu\u00a0chez St\u00e9phanie GAUTHIER notre productrice de l\u00e9gumes\u00a0 \u00e0 la Courandi\u00e8re &#8211; Saint Viaud de 18h00 \u00e0 19h00 \u00c0 l&rsquo;issue de la distribution, se tiendra une Assembl\u00e9e G\u00e9n\u00e9rale Extraordinaire : CONVOCATION Jeudi 06 JUILLET 2017 &#8211; 19H00 Assembl\u00e9e &hellip; <\/p>\n<p class=\"link-more\"><a href=\"https:\/\/amappaimblotine.org\/index.php\/2017\/06\/23\/distribution-speciale-le-06-juillet\/\" class=\"more-link\">Continuer la lecture<span class=\"screen-reader-text\"> de &laquo;&nbsp;Distribution sp\u00e9ciale le 06 Juillet !&nbsp;&raquo;<\/span><\/a><\/p>\n","protected":false},"author":2,"featured_media":0,"comment_status":"open","ping_status":"closed","sticky":false,"template":"","format":"standard","meta":{"footnotes":""},"categories":[3],"tags":[],"class_list":["post-724","post","type-post","status-publish","format-standard","hentry","category-distributions-permanences"],"_links":{"self":[{"href":"https:\/\/amappaimblotine.org\/index.php\/wp-json\/wp\/v2\/posts\/724","targetHints":{"allow":["GET"]}}],"collection":[{"href":"https:\/\/amappaimblotine.org\/index.php\/wp-json\/wp\/v2\/posts"}],"about":[{"href":"https:\/\/amappaimblotine.org\/index.php\/wp-json\/wp\/v2\/types\/post"}],"author":[{"embeddable":true,"href":"https:\/\/amappaimblotine.org\/index.php\/wp-json\/wp\/v2\/users\/2"}],"replies":[{"embeddable":true,"href":"https:\/\/amappaimblotine.org\/index.php\/wp-json\/wp\/v2\/comments?post=724"}],"version-history":[{"count":2,"href":"https:\/\/amappaimblotine.org\/index.php\/wp-json\/wp\/v2\/posts\/724\/revisions"}],"predecessor-version":[{"id":1454,"href":"https:\/\/amappaimblotine.org\/index.php\/wp-json\/wp\/v2\/posts\/724\/revisions\/1454"}],"wp:attachment":[{"href":"https:\/\/amappaimblotine.org\/index.php\/wp-json\/wp\/v2\/media?parent=724"}],"wp:term":[{"taxonomy":"category","embeddable":true,"href":"https:\/\/amappaimblotine.org\/index.php\/wp-json\/wp\/v2\/categories?post=724"},{"taxonomy":"post_tag","embeddable":true,"href":"https:\/\/amappaimblotine.org\/index.php\/wp-json\/wp\/v2\/tags?post=724"}],"curies":[{"name":"wp","href":"https:\/\/api.w.org\/{rel}","templated":true}]}}