{"id":1779,"date":"2022-05-25T20:49:42","date_gmt":"2022-05-25T18:49:42","guid":{"rendered":"https:\/\/amappaimblotine.org\/?p=1779"},"modified":"2022-05-25T20:49:42","modified_gmt":"2022-05-25T18:49:42","slug":"colis-de-viandes-de-nouvelles-dates","status":"publish","type":"post","link":"https:\/\/amappaimblotine.org\/index.php\/2022\/05\/25\/colis-de-viandes-de-nouvelles-dates\/","title":{"rendered":"Colis de viandes : de nouvelles dates"},"content":{"rendered":"\n<p>Colis de <mark style=\"background-color:rgba(0, 0, 0, 0)\" class=\"has-inline-color has-vivid-red-color\">vache<\/mark> (7 ou 10 kg) : <mark style=\"background-color:rgba(0, 0, 0, 0)\" class=\"has-inline-color has-vivid-red-color\">23 juin<\/mark> : attention, il ne reste pas beaucoup de colis, r\u00e9servez d\u00e8s maintenant ! <\/p>\n\n\n\n<p>Colis de <mark style=\"background-color:rgba(0, 0, 0, 0)\" class=\"has-inline-color has-vivid-red-color\">porc <\/mark>(5, 7 ou 10kg) : <mark style=\"background-color:rgba(0, 0, 0, 0)\" class=\"has-inline-color has-vivid-red-color\">7 juillet<\/mark> (les colis pour le 23 juin sont d\u00e9j\u00e0 tous vendus) : les colis partent l\u00e0 aussi tr\u00e8s vite<\/p>\n\n\n\n<p>Colis de <mark style=\"background-color:rgba(0, 0, 0, 0)\" class=\"has-inline-color has-vivid-red-color\">veau<\/mark> (5, 7 ou 10kg) : <mark style=\"background-color:rgba(0, 0, 0, 0)\" class=\"has-inline-color has-vivid-red-color\">15 septembre<\/mark> (r\u00e9server avant le 4 septembre)<\/p>\n\n\n\n<p>Les dates de r\u00e9servation sont donn\u00e9es \u00e0 titre indicatif : il arrive souvent qu&rsquo;il n&rsquo;y ait plus de colis \u00e0 vendre \u00e0 cette date-l\u00e0. N&rsquo;attendez pas le dernier moment pour commander !<\/p>\n\n\n\n<p>Malgr\u00e9 les hausses pratiqu\u00e9es dans plusieurs domaines (aliments, semences, lait pour la fabrication du fromage -hausse de 7% depuis avril-, \u00e9pices&#8230;), Chrystelle et Augustin Deniaud de la GAEC ALP-Rousse ont pris la d\u00e9cision dans l&rsquo;imm\u00e9diat de ne pas modifier les prix fix\u00e9s au 1er janvier 2022 de la viande, du fromage ou des \u0153ufs. Nous les remercions au nom de tous les amapiens paimblotins.<\/p>\n\n\n\n<p><\/p>\n","protected":false},"excerpt":{"rendered":"<p>Colis de vache (7 ou 10 kg) : 23 juin : attention, il ne reste pas beaucoup de colis, r\u00e9servez d\u00e8s maintenant ! Colis de porc (5, 7 ou 10kg) : 7 juillet (les colis pour le 23 juin sont d\u00e9j\u00e0 tous vendus) : les colis partent l\u00e0 aussi tr\u00e8s vite Colis de veau (5, &hellip; <\/p>\n<p class=\"link-more\"><a href=\"https:\/\/amappaimblotine.org\/index.php\/2022\/05\/25\/colis-de-viandes-de-nouvelles-dates\/\" class=\"more-link\">Continuer la lecture<span class=\"screen-reader-text\"> de &laquo;&nbsp;Colis de viandes : de nouvelles dates&nbsp;&raquo;<\/span><\/a><\/p>\n","protected":false},"author":2,"featured_media":0,"comment_status":"open","ping_status":"","sticky":false,"template":"","format":"standard","meta":{"footnotes":""},"categories":[2],"tags":[],"class_list":["post-1779","post","type-post","status-publish","format-standard","hentry","category-actualites"],"_links":{"self":[{"href":"https:\/\/amappaimblotine.org\/index.php\/wp-json\/wp\/v2\/posts\/1779","targetHints":{"allow":["GET"]}}],"collection":[{"href":"https:\/\/amappaimblotine.org\/index.php\/wp-json\/wp\/v2\/posts"}],"about":[{"href":"https:\/\/amappaimblotine.org\/index.php\/wp-json\/wp\/v2\/types\/post"}],"author":[{"embeddable":true,"href":"https:\/\/amappaimblotine.org\/index.php\/wp-json\/wp\/v2\/users\/2"}],"replies":[{"embeddable":true,"href":"https:\/\/amappaimblotine.org\/index.php\/wp-json\/wp\/v2\/comments?post=1779"}],"version-history":[{"count":1,"href":"https:\/\/amappaimblotine.org\/index.php\/wp-json\/wp\/v2\/posts\/1779\/revisions"}],"predecessor-version":[{"id":1780,"href":"https:\/\/amappaimblotine.org\/index.php\/wp-json\/wp\/v2\/posts\/1779\/revisions\/1780"}],"wp:attachment":[{"href":"https:\/\/amappaimblotine.org\/index.php\/wp-json\/wp\/v2\/media?parent=1779"}],"wp:term":[{"taxonomy":"category","embeddable":true,"href":"https:\/\/amappaimblotine.org\/index.php\/wp-json\/wp\/v2\/categories?post=1779"},{"taxonomy":"post_tag","embeddable":true,"href":"https:\/\/amappaimblotine.org\/index.php\/wp-json\/wp\/v2\/tags?post=1779"}],"curies":[{"name":"wp","href":"https:\/\/api.w.org\/{rel}","templated":true}]}}