{"id":1708,"date":"2022-02-20T16:34:48","date_gmt":"2022-02-20T15:34:48","guid":{"rendered":"https:\/\/amappaimblotine.org\/?p=1708"},"modified":"2022-03-20T17:34:05","modified_gmt":"2022-03-20T16:34:05","slug":"le-fromage-de-chevre-est-de-retour","status":"publish","type":"post","link":"https:\/\/amappaimblotine.org\/index.php\/2022\/02\/20\/le-fromage-de-chevre-est-de-retour\/","title":{"rendered":"Le fromage de ch\u00e8vre est de retour !"},"content":{"rendered":"\n<p>He\u00efdi, de la GAEC Alp-Rousse, viendra le jeudi 3 mars pour la premi\u00e8re distribution de fromages de ch\u00e8vre de l&rsquo;ann\u00e9e 2022 !<\/p>\n\n\n\n<figure class=\"wp-block-image size-large\"><img loading=\"lazy\" decoding=\"async\" width=\"1024\" height=\"645\" src=\"https:\/\/amappaimblotine.org\/wp-content\/uploads\/2022\/02\/plateau-fromage-1024x645.jpg\" alt=\"\" class=\"wp-image-1709\" srcset=\"https:\/\/amappaimblotine.org\/wp-content\/uploads\/2022\/02\/plateau-fromage-1024x645.jpg 1024w, https:\/\/amappaimblotine.org\/wp-content\/uploads\/2022\/02\/plateau-fromage-300x189.jpg 300w, https:\/\/amappaimblotine.org\/wp-content\/uploads\/2022\/02\/plateau-fromage-768x484.jpg 768w, https:\/\/amappaimblotine.org\/wp-content\/uploads\/2022\/02\/plateau-fromage.jpg 1372w\" sizes=\"auto, (max-width: 767px) 89vw, (max-width: 1000px) 54vw, (max-width: 1071px) 543px, 580px\" \/><\/figure>\n\n\n\n<p>Au programme : fromage frais et sec, cendr\u00e9s et enrob\u00e9s, tomme nature et tomme au muscadet, camembert, faisselle, fromage blanc, yaourts natures et fruits (citron). Il faudra patienter encore un peu pour les 10 jours et les demi-secs.<\/p>\n\n\n\n<p>N&rsquo;oubliez pas de passer commande avant le vendredi 26 f\u00e9vrier au soir dernier d\u00e9lai !<\/p>\n","protected":false},"excerpt":{"rendered":"<p>He\u00efdi, de la GAEC Alp-Rousse, viendra le jeudi 3 mars pour la premi\u00e8re distribution de fromages de ch\u00e8vre de l&rsquo;ann\u00e9e 2022 ! Au programme : fromage frais et sec, cendr\u00e9s et enrob\u00e9s, tomme nature et tomme au muscadet, camembert, faisselle, fromage blanc, yaourts natures et fruits (citron). Il faudra patienter encore un peu pour les &hellip; <\/p>\n<p class=\"link-more\"><a href=\"https:\/\/amappaimblotine.org\/index.php\/2022\/02\/20\/le-fromage-de-chevre-est-de-retour\/\" class=\"more-link\">Continuer la lecture<span class=\"screen-reader-text\"> de &laquo;&nbsp;Le fromage de ch\u00e8vre est de retour !&nbsp;&raquo;<\/span><\/a><\/p>\n","protected":false},"author":2,"featured_media":0,"comment_status":"open","ping_status":"","sticky":false,"template":"","format":"standard","meta":{"footnotes":""},"categories":[2],"tags":[],"class_list":["post-1708","post","type-post","status-publish","format-standard","hentry","category-actualites"],"_links":{"self":[{"href":"https:\/\/amappaimblotine.org\/index.php\/wp-json\/wp\/v2\/posts\/1708","targetHints":{"allow":["GET"]}}],"collection":[{"href":"https:\/\/amappaimblotine.org\/index.php\/wp-json\/wp\/v2\/posts"}],"about":[{"href":"https:\/\/amappaimblotine.org\/index.php\/wp-json\/wp\/v2\/types\/post"}],"author":[{"embeddable":true,"href":"https:\/\/amappaimblotine.org\/index.php\/wp-json\/wp\/v2\/users\/2"}],"replies":[{"embeddable":true,"href":"https:\/\/amappaimblotine.org\/index.php\/wp-json\/wp\/v2\/comments?post=1708"}],"version-history":[{"count":3,"href":"https:\/\/amappaimblotine.org\/index.php\/wp-json\/wp\/v2\/posts\/1708\/revisions"}],"predecessor-version":[{"id":1712,"href":"https:\/\/amappaimblotine.org\/index.php\/wp-json\/wp\/v2\/posts\/1708\/revisions\/1712"}],"wp:attachment":[{"href":"https:\/\/amappaimblotine.org\/index.php\/wp-json\/wp\/v2\/media?parent=1708"}],"wp:term":[{"taxonomy":"category","embeddable":true,"href":"https:\/\/amappaimblotine.org\/index.php\/wp-json\/wp\/v2\/categories?post=1708"},{"taxonomy":"post_tag","embeddable":true,"href":"https:\/\/amappaimblotine.org\/index.php\/wp-json\/wp\/v2\/tags?post=1708"}],"curies":[{"name":"wp","href":"https:\/\/api.w.org\/{rel}","templated":true}]}}